{"id":582,"date":"2016-01-18T12:00:45","date_gmt":"2016-01-18T11:00:45","guid":{"rendered":"https:\/\/speckund.me\/?p=582"},"modified":"2021-07-04T12:49:18","modified_gmt":"2021-07-04T10:49:18","slug":"indian-summer-in-val-colla-switzerland","status":"publish","type":"post","link":"https:\/\/speckund.me\/w2\/indian-summer-in-val-colla-switzerland\/","title":{"rendered":"Indian Summer in Val Colla, Switzerland"},"content":{"rendered":"<p><img loading=\"lazy\" decoding=\"async\" class=\"alignnone size-full wp-image-583\" src=\"https:\/\/speckund.me\/w2\/wp-content\/uploads\/1-IndianSummer.jpeg\" alt=\"Indian Summer in Val Colla\" width=\"2000\" height=\"1500\" srcset=\"https:\/\/speckund.me\/w2\/wp-content\/uploads\/1-IndianSummer.jpeg 2000w, https:\/\/speckund.me\/w2\/wp-content\/uploads\/1-IndianSummer-300x225.jpeg 300w, https:\/\/speckund.me\/w2\/wp-content\/uploads\/1-IndianSummer-768x576.jpeg 768w, https:\/\/speckund.me\/w2\/wp-content\/uploads\/1-IndianSummer-1024x768.jpeg 1024w, https:\/\/speckund.me\/w2\/wp-content\/uploads\/1-IndianSummer-700x525.jpeg 700w\" sizes=\"auto, (max-width: 2000px) 100vw, 2000px\" \/>Ein Feuerwerk der Herbstfarben im Val Colla.<\/p>\n<p><!--more--><\/p>\n<p><img loading=\"lazy\" decoding=\"async\" class=\"alignnone size-full wp-image-584\" src=\"https:\/\/speckund.me\/w2\/wp-content\/uploads\/2-IndianSummer.png\" alt=\"Indian Summer in Val Colla\" width=\"483\" height=\"305\" srcset=\"https:\/\/speckund.me\/w2\/wp-content\/uploads\/2-IndianSummer.png 483w, https:\/\/speckund.me\/w2\/wp-content\/uploads\/2-IndianSummer-300x189.png 300w\" sizes=\"auto, (max-width: 483px) 100vw, 483px\" \/><\/p>\n<p>Val Colla! &#8211; Val Colla weckt in mir Erinnerungen und Sehnsucht nach einsamer Stille, dunkeln W\u00e4ldern, mystischen Nebelschwaden, wolkenverhangenen Bergr\u00fccken, morgendlichen Sonnenstrahlen durch hohe B\u00e4ume; sternenklare N\u00e4chte &#8211; Ruhe und Stille &#8211; Freiheit. Freiheit und einfaches Leben in unserem Rustico, einem vor langen Jahren renovierten Ziegenstall im Wald. Inmitten von Kastanienb\u00e4umen, Rehen, Hirschen und Wildschweinen.<\/p>\n<p><img loading=\"lazy\" decoding=\"async\" class=\"alignnone wp-image-585\" src=\"https:\/\/speckund.me\/w2\/wp-content\/uploads\/3-IndianSummer.jpeg\" alt=\"Indian Summer in Val Colla\" width=\"345\" height=\"345\" srcset=\"https:\/\/speckund.me\/w2\/wp-content\/uploads\/3-IndianSummer.jpeg 640w, https:\/\/speckund.me\/w2\/wp-content\/uploads\/3-IndianSummer-150x150.jpeg 150w, https:\/\/speckund.me\/w2\/wp-content\/uploads\/3-IndianSummer-300x300.jpeg 300w\" sizes=\"auto, (max-width: 345px) 100vw, 345px\" \/>\u00a0\u00a0<img loading=\"lazy\" decoding=\"async\" class=\"alignnone wp-image-586\" src=\"https:\/\/speckund.me\/w2\/wp-content\/uploads\/4-IndianSummer.jpeg\" alt=\"Indian Summer in Val Colla\" width=\"345\" height=\"345\" srcset=\"https:\/\/speckund.me\/w2\/wp-content\/uploads\/4-IndianSummer.jpeg 640w, https:\/\/speckund.me\/w2\/wp-content\/uploads\/4-IndianSummer-150x150.jpeg 150w, https:\/\/speckund.me\/w2\/wp-content\/uploads\/4-IndianSummer-300x300.jpeg 300w\" sizes=\"auto, (max-width: 345px) 100vw, 345px\" \/><\/p>\n<p><img loading=\"lazy\" decoding=\"async\" class=\"alignnone wp-image-587\" src=\"https:\/\/speckund.me\/w2\/wp-content\/uploads\/5-IndianSummer.jpeg\" alt=\"Indian Summer in Val Colla\" width=\"345\" height=\"345\" srcset=\"https:\/\/speckund.me\/w2\/wp-content\/uploads\/5-IndianSummer.jpeg 640w, https:\/\/speckund.me\/w2\/wp-content\/uploads\/5-IndianSummer-150x150.jpeg 150w, https:\/\/speckund.me\/w2\/wp-content\/uploads\/5-IndianSummer-300x300.jpeg 300w\" sizes=\"auto, (max-width: 345px) 100vw, 345px\" \/><br \/>\nPasso San Lucio<\/p>\n<p>Ungef\u00e4hr 10 Kilometer n\u00f6rdlich Lugano &#8211; fernab jeglicher Hektik liegt das Val Colla, von Tesserete gegen Osten, immer dem Fl\u00fcsschen Cassarate entlang aufw\u00e4rts, bis in die Bergd\u00f6rfer Colla, Bogno, Cimadera und Certara. Ein fantastischer H\u00f6henweg rund um das Tal beginnt in Bidogno &#8211; vorbei an der Alpe Rompiago, hoch zur Capanna Monte Bar, \u00fcber Piandanazzo zur Alpe Pietrarossa und \u00fcber einen nicht enden wollenden Trail bis zum Passo San Lucio und Bocchetta di S. Bernardo. Dahinter liegt Italien. S\u00fcdlich begrenzen die Cima di Fojorina und die Denti della Vecchia das Tal.<\/p>\n<p><img loading=\"lazy\" decoding=\"async\" class=\"alignnone wp-image-589 size-full\" src=\"https:\/\/speckund.me\/w2\/wp-content\/uploads\/7-IndianSummer.jpeg\" alt=\"Indian Summer in Val Colla\" width=\"700\" height=\"507\" srcset=\"https:\/\/speckund.me\/w2\/wp-content\/uploads\/7-IndianSummer.jpeg 700w, https:\/\/speckund.me\/w2\/wp-content\/uploads\/7-IndianSummer-300x217.jpeg 300w\" sizes=\"auto, (max-width: 700px) 100vw, 700px\" \/><img loading=\"lazy\" decoding=\"async\" class=\"alignnone size-full wp-image-590\" src=\"https:\/\/speckund.me\/w2\/wp-content\/uploads\/8-IndianSummer.jpeg\" alt=\"Indian Summer in Val Colla\" width=\"2000\" height=\"1376\" srcset=\"https:\/\/speckund.me\/w2\/wp-content\/uploads\/8-IndianSummer.jpeg 2000w, https:\/\/speckund.me\/w2\/wp-content\/uploads\/8-IndianSummer-300x206.jpeg 300w, https:\/\/speckund.me\/w2\/wp-content\/uploads\/8-IndianSummer-768x528.jpeg 768w, https:\/\/speckund.me\/w2\/wp-content\/uploads\/8-IndianSummer-1024x705.jpeg 1024w, https:\/\/speckund.me\/w2\/wp-content\/uploads\/8-IndianSummer-700x482.jpeg 700w\" sizes=\"auto, (max-width: 2000px) 100vw, 2000px\" \/><\/p>\n<p>Val Colla &#8211; das sind f\u00fcr mich die st\u00e4ndig wechselnden Wolkenbilder, Gewitterstimmungen wechseln ab mit tiefblauem Himmel und strahlendem Sonnenschein. Das sind die Castagne, die Marroni, die im Herbst auf das Dach unseres Rusticos fallen und am Abend im offenen Kamin ein k\u00f6stliches und gem\u00fctliches Abendessen sind.<\/p>\n<p><img loading=\"lazy\" decoding=\"async\" class=\"alignnone size-full wp-image-591\" src=\"https:\/\/speckund.me\/w2\/wp-content\/uploads\/9-IndianSummer.jpeg\" alt=\"Indian Summer in Val Colla\" width=\"1400\" height=\"1050\" srcset=\"https:\/\/speckund.me\/w2\/wp-content\/uploads\/9-IndianSummer.jpeg 1400w, https:\/\/speckund.me\/w2\/wp-content\/uploads\/9-IndianSummer-300x225.jpeg 300w, https:\/\/speckund.me\/w2\/wp-content\/uploads\/9-IndianSummer-768x576.jpeg 768w, https:\/\/speckund.me\/w2\/wp-content\/uploads\/9-IndianSummer-1024x768.jpeg 1024w, https:\/\/speckund.me\/w2\/wp-content\/uploads\/9-IndianSummer-700x525.jpeg 700w\" sizes=\"auto, (max-width: 1400px) 100vw, 1400px\" \/>D\u00fcrres Gras am Wegrand<\/p>\n<p>Val Colla &#8211; das ist Indian Summer im S\u00fcden der Schweiz &#8211; oder mystischer Nebel mit gespenstischen B\u00e4umen.<\/p>\n<p><img loading=\"lazy\" decoding=\"async\" class=\"alignnone size-full wp-image-592\" src=\"https:\/\/speckund.me\/w2\/wp-content\/uploads\/10-IndianSummer.jpeg\" alt=\"Indian Summer in Val Colla\" width=\"1750\" height=\"2396\" srcset=\"https:\/\/speckund.me\/w2\/wp-content\/uploads\/10-IndianSummer.jpeg 1750w, https:\/\/speckund.me\/w2\/wp-content\/uploads\/10-IndianSummer-219x300.jpeg 219w, https:\/\/speckund.me\/w2\/wp-content\/uploads\/10-IndianSummer-768x1052.jpeg 768w, https:\/\/speckund.me\/w2\/wp-content\/uploads\/10-IndianSummer-748x1024.jpeg 748w, https:\/\/speckund.me\/w2\/wp-content\/uploads\/10-IndianSummer-511x700.jpeg 511w\" sizes=\"auto, (max-width: 1750px) 100vw, 1750px\" \/><\/p>\n<p>Auf dem Weg zur Alpe Pietrarossa folgen wir dem steilen Weg \u00fcber offene Alpwiesen und durch tiefe W\u00e4lder, mit fantastischem Licht- und Schattenspiel in den Bl\u00e4ttern.<\/p>\n<p><img loading=\"lazy\" decoding=\"async\" class=\"alignnone wp-image-593\" src=\"https:\/\/speckund.me\/w2\/wp-content\/uploads\/11-IndianSummer.jpeg\" alt=\"Indian Summer in Val Colla\" width=\"340\" height=\"265\" srcset=\"https:\/\/speckund.me\/w2\/wp-content\/uploads\/11-IndianSummer.jpeg 2000w, https:\/\/speckund.me\/w2\/wp-content\/uploads\/11-IndianSummer-300x234.jpeg 300w, https:\/\/speckund.me\/w2\/wp-content\/uploads\/11-IndianSummer-768x599.jpeg 768w, https:\/\/speckund.me\/w2\/wp-content\/uploads\/11-IndianSummer-1024x799.jpeg 1024w, https:\/\/speckund.me\/w2\/wp-content\/uploads\/11-IndianSummer-700x546.jpeg 700w\" sizes=\"auto, (max-width: 340px) 100vw, 340px\" \/>\u00a0<img loading=\"lazy\" decoding=\"async\" class=\"alignnone wp-image-594\" src=\"https:\/\/speckund.me\/w2\/wp-content\/uploads\/12-IndianSummer.jpeg\" alt=\"Indian Summer in Val Colla\" width=\"353\" height=\"265\" srcset=\"https:\/\/speckund.me\/w2\/wp-content\/uploads\/12-IndianSummer.jpeg 2000w, https:\/\/speckund.me\/w2\/wp-content\/uploads\/12-IndianSummer-300x225.jpeg 300w, https:\/\/speckund.me\/w2\/wp-content\/uploads\/12-IndianSummer-768x576.jpeg 768w, https:\/\/speckund.me\/w2\/wp-content\/uploads\/12-IndianSummer-1024x768.jpeg 1024w, https:\/\/speckund.me\/w2\/wp-content\/uploads\/12-IndianSummer-700x525.jpeg 700w\" sizes=\"auto, (max-width: 353px) 100vw, 353px\" \/><br \/>\nBarchi di Colla<\/p>\n<p><img loading=\"lazy\" decoding=\"async\" class=\"alignnone size-full wp-image-595\" src=\"https:\/\/speckund.me\/w2\/wp-content\/uploads\/13-IndianSummer.jpeg\" alt=\"Indian Summer in Val Colla\" width=\"2000\" height=\"1500\" srcset=\"https:\/\/speckund.me\/w2\/wp-content\/uploads\/13-IndianSummer.jpeg 2000w, https:\/\/speckund.me\/w2\/wp-content\/uploads\/13-IndianSummer-300x225.jpeg 300w, https:\/\/speckund.me\/w2\/wp-content\/uploads\/13-IndianSummer-768x576.jpeg 768w, https:\/\/speckund.me\/w2\/wp-content\/uploads\/13-IndianSummer-1024x768.jpeg 1024w, https:\/\/speckund.me\/w2\/wp-content\/uploads\/13-IndianSummer-700x525.jpeg 700w\" sizes=\"auto, (max-width: 2000px) 100vw, 2000px\" \/>Barchi di Colla<\/p>\n<p><a href=\"https:\/\/speckund.me\/w2\" data-rich-text-format-boundary=\"true\">Home<\/a><br data-rich-text-line-break=\"true\" \/>Thank you for reading.<br data-rich-text-line-break=\"true\" \/>You can sign up for my newsletter\u00a0<a href=\"https:\/\/speckund.me\/w2\/subscribe\">here<\/a>.<\/p>\n","protected":false},"excerpt":{"rendered":"<a href=\"https:\/\/speckund.me\/w2\/indian-summer-in-val-colla-switzerland\/\" rel=\"bookmark\" title=\"Permalink to Indian Summer in Val Colla, Switzerland\"><p>Ein Feuerwerk der Herbstfarben im Val Colla.<\/p>\n<\/a>","protected":false},"author":5,"featured_media":0,"comment_status":"open","ping_status":"open","sticky":false,"template":"","format":"standard","meta":{"footnotes":""},"categories":[23,399],"tags":[8,9,104,106,107,6,7,10,105],"class_list":{"0":"post-582","1":"post","2":"type-post","3":"status-publish","4":"format-standard","6":"category-outdoor","7":"category-photography","8":"tag-alpe","9":"tag-alpe-pietrarossa","10":"tag-barchi-di-colla","11":"tag-colla","12":"tag-indian-summer","13":"tag-pietrarossa","14":"tag-tessin","15":"tag-ticino","16":"tag-val-colla","17":"h-entry","18":"hentry"},"_links":{"self":[{"href":"https:\/\/speckund.me\/w2\/wp-json\/wp\/v2\/posts\/582","targetHints":{"allow":["GET"]}}],"collection":[{"href":"https:\/\/speckund.me\/w2\/wp-json\/wp\/v2\/posts"}],"about":[{"href":"https:\/\/speckund.me\/w2\/wp-json\/wp\/v2\/types\/post"}],"author":[{"embeddable":true,"href":"https:\/\/speckund.me\/w2\/wp-json\/wp\/v2\/users\/5"}],"replies":[{"embeddable":true,"href":"https:\/\/speckund.me\/w2\/wp-json\/wp\/v2\/comments?post=582"}],"version-history":[{"count":6,"href":"https:\/\/speckund.me\/w2\/wp-json\/wp\/v2\/posts\/582\/revisions"}],"predecessor-version":[{"id":7554,"href":"https:\/\/speckund.me\/w2\/wp-json\/wp\/v2\/posts\/582\/revisions\/7554"}],"wp:attachment":[{"href":"https:\/\/speckund.me\/w2\/wp-json\/wp\/v2\/media?parent=582"}],"wp:term":[{"taxonomy":"category","embeddable":true,"href":"https:\/\/speckund.me\/w2\/wp-json\/wp\/v2\/categories?post=582"},{"taxonomy":"post_tag","embeddable":true,"href":"https:\/\/speckund.me\/w2\/wp-json\/wp\/v2\/tags?post=582"}],"curies":[{"name":"wp","href":"https:\/\/api.w.org\/{rel}","templated":true}]}}